{"id":54188,"date":"2021-08-27T16:57:33","date_gmt":"2021-08-27T13:57:33","guid":{"rendered":"https:\/\/yovedenateljeekoti.net\/?p=54188"},"modified":"2021-10-22T18:15:05","modified_gmt":"2021-10-22T15:15:05","slug":"lokakuun-varit-maalauskurssi-9-10-10-2021","status":"publish","type":"post","link":"https:\/\/yovedenateljeekoti.net\/en\/lokakuun-varit-maalauskurssi-9-10-10-2021\/","title":{"rendered":"Lokakuun v\u00e4rit maalauskurssi 9-10.10.2021"},"content":{"rendered":"<p>[et_pb_section fb_built=&#8221;1&#8243; _builder_version=&#8221;3.26.1&#8243; background_color=&#8221;#F9F5F0&#8243; global_colors_info=&#8221;{}&#8221;][et_pb_row _builder_version=&#8221;3.26.1&#8243; global_colors_info=&#8221;{}&#8221;][et_pb_column type=&#8221;4_4&#8243; _builder_version=&#8221;3.26.1&#8243; global_colors_info=&#8221;{}&#8221;][et_pb_blurb title=&#8221;Lokakuun v\u00e4rit maalauskurssi 9-10.10.2021&#8243; _builder_version=&#8221;4.9.11&#8243; header_font=&#8221;Cinzel Decorative|700|||||||&#8221; background_color=&#8221;#ffffff&#8221; custom_padding=&#8221;67px|5px|58px|5px|false|false&#8221; box_shadow_style=&#8221;preset1&#8243; global_colors_info=&#8221;{}&#8221;]<\/p>\n<p>Loppusyksy on luonnossa kaunis ja haikea. Kurssilla tutkimme syksyn v\u00e4rej\u00e4 luonnossa, tutustumme v\u00e4rioppiin sek\u00e4 v\u00e4reihin ja niiden sekoittamiseen ja k\u00e4ymme l\u00e4pi sommittelun periaatteita. \u00a0Teemme maalaus\/valokuvausretki\u00e4 l\u00e4hiymp\u00e4rist\u00f6ss\u00e4 k\u00e4vellen, autolla ja s\u00e4\u00e4n salliessa (pieni sade ei haittaa, myrsky kyll\u00e4) my\u00f6s veneell\u00e4.<\/p>\n<p>Ruokana nautimme aitoa l\u00e4hiruokaa, Ateljeekodin puutarhan ja l\u00e4himetsien satoa tuoreena ja kes\u00e4ll\u00e4 s\u00e4il\u00f6ttyn\u00e4. Illalla nautitaan syksyisen illan rauhasta 150-vuotiaan saunan l\u00f6ylyist\u00e4 ja Saimaan Y\u00f6veden aalloista.<\/p>\n<p>Kurssille otetaan korkeintaan 6 osallistujaa. Majoitus 1\u20132 hengen huoneissa. Kurssin hinta 195 \u20ac sis\u00e4lt\u00e4\u00e4 opetus, ruoka ja kahvit. Y\u00f6pyminen 40 \u20ac\/y\u00f6 sis\u00e4lt\u00e4\u00e4 aamupalan ja saunan illalla. Kurssi alkaa lauantaina klo 10, mahdollisuus majoittua ja saunoa jo perjantai iltana.<\/p>\n<p>&nbsp;<\/p>\n<p>Lauantai<\/p>\n<p>8.30\u20139.30 aamupala y\u00f6pyjille<\/p>\n<p>10\u201311 kurssin aloitus, esitt\u00e4ytyminen, viritt\u00e4ytyminen aiheeseen ja tunnelmaan kuvaesityksen avulla.<\/p>\n<p>11\u201313 v\u00e4rioppia, maalaus\/valokuvausretki, henkil\u00f6kohtaista ohjausta<\/p>\n<p>13.30\u201314.30 ruoka ja kahvi<\/p>\n<p>14.30\u201316.00 opetustuokio sommittelusta, henkil\u00f6kohtaista ohjausta<\/p>\n<p>16.00 alkaen tarjolla kahvia, teet\u00e4 ja kasvis\/sienipiirakkaa<\/p>\n<p>19\u201321 y\u00f6pyjille sauna ja iltapala<\/p>\n<p>&nbsp;<\/p>\n<p>Sunnuntai<\/p>\n<p>8.30\u20139.30 aamupala y\u00f6pyjille<\/p>\n<p>10\u201311 v\u00e4likatselmus, henkil\u00f6kohtaista ohjausta<\/p>\n<p>11\u201313 maalaamista joko ulkona luonnossa tai sis\u00e4ll\u00e4 valokuvasta, henkil\u00f6kohtaista ohjausta<\/p>\n<p>13\u201314 ruoka ja kahvi<\/p>\n<p>14\u201315 t\u00f6iden viimeistely\u00e4, loppukatselmus, kahvi ja kurssin lopetus<\/p>\n<p>[\/et_pb_blurb][\/et_pb_column][\/et_pb_row][\/et_pb_section]<\/p>\n","protected":false},"excerpt":{"rendered":"<p>Loppusyksy on luonnossa kaunis ja haikea. Kurssilla tutkimme syksyn v\u00e4rej\u00e4 luonnossa, tutustumme v\u00e4rioppiin sek\u00e4 v\u00e4reihin ja niiden sekoittamiseen ja k\u00e4ymme l\u00e4pi sommittelun periaatteita. \u00a0Teemme maalaus\/valokuvausretki\u00e4 l\u00e4hiymp\u00e4rist\u00f6ss\u00e4 k\u00e4vellen, autolla ja s\u00e4\u00e4n salliessa (pieni sade ei haittaa, myrsky kyll\u00e4) my\u00f6s veneell\u00e4. Ruokana nautimme aitoa l\u00e4hiruokaa, Ateljeekodin puutarhan ja l\u00e4himetsien satoa tuoreena ja kes\u00e4ll\u00e4 s\u00e4il\u00f6ttyn\u00e4. Illalla nautitaan syksyisen [&hellip;]<\/p>\n","protected":false},"author":4,"featured_media":0,"comment_status":"closed","ping_status":"closed","sticky":false,"template":"","format":"standard","meta":{"_et_pb_use_builder":"on","_et_pb_old_content":"","_et_gb_content_width":"","footnotes":""},"categories":[11],"tags":[],"class_list":["post-54188","post","type-post","status-publish","format-standard","hentry","category-menneet-kurssit"],"aioseo_notices":[],"_links":{"self":[{"href":"https:\/\/yovedenateljeekoti.net\/en\/wp-json\/wp\/v2\/posts\/54188","targetHints":{"allow":["GET"]}}],"collection":[{"href":"https:\/\/yovedenateljeekoti.net\/en\/wp-json\/wp\/v2\/posts"}],"about":[{"href":"https:\/\/yovedenateljeekoti.net\/en\/wp-json\/wp\/v2\/types\/post"}],"author":[{"embeddable":true,"href":"https:\/\/yovedenateljeekoti.net\/en\/wp-json\/wp\/v2\/users\/4"}],"replies":[{"embeddable":true,"href":"https:\/\/yovedenateljeekoti.net\/en\/wp-json\/wp\/v2\/comments?post=54188"}],"version-history":[{"count":5,"href":"https:\/\/yovedenateljeekoti.net\/en\/wp-json\/wp\/v2\/posts\/54188\/revisions"}],"predecessor-version":[{"id":54194,"href":"https:\/\/yovedenateljeekoti.net\/en\/wp-json\/wp\/v2\/posts\/54188\/revisions\/54194"}],"wp:attachment":[{"href":"https:\/\/yovedenateljeekoti.net\/en\/wp-json\/wp\/v2\/media?parent=54188"}],"wp:term":[{"taxonomy":"category","embeddable":true,"href":"https:\/\/yovedenateljeekoti.net\/en\/wp-json\/wp\/v2\/categories?post=54188"},{"taxonomy":"post_tag","embeddable":true,"href":"https:\/\/yovedenateljeekoti.net\/en\/wp-json\/wp\/v2\/tags?post=54188"}],"curies":[{"name":"wp","href":"https:\/\/api.w.org\/{rel}","templated":true}]}}