{"id":54197,"date":"2021-08-26T17:10:13","date_gmt":"2021-08-26T14:10:13","guid":{"rendered":"https:\/\/yovedenateljeekoti.net\/?p=54197"},"modified":"2021-12-09T13:18:33","modified_gmt":"2021-12-09T11:18:33","slug":"marraskuun-valo-maalauskurssi-20-21-11-2021","status":"publish","type":"post","link":"https:\/\/yovedenateljeekoti.net\/en\/marraskuun-valo-maalauskurssi-20-21-11-2021\/","title":{"rendered":"Marraskuun valo maalauskurssi 20-21.11.2021"},"content":{"rendered":"<p>[et_pb_section fb_built=&#8221;1&#8243; _builder_version=&#8221;3.26.1&#8243; background_color=&#8221;#F9F5F0&#8243; custom_padding=&#8221;22px|||||&#8221; global_colors_info=&#8221;{}&#8221;][et_pb_row _builder_version=&#8221;3.26.1&#8243; global_colors_info=&#8221;{}&#8221;][et_pb_column type=&#8221;4_4&#8243; _builder_version=&#8221;3.26.1&#8243; global_colors_info=&#8221;{}&#8221;][et_pb_blurb title=&#8221;Marraskuun valo maalauskurssi &#8221; _builder_version=&#8221;4.9.11&#8243; header_font=&#8221;Cinzel Decorative|700|||||||&#8221; background_color=&#8221;#ffffff&#8221; custom_padding=&#8221;67px|5px|51px|5px|false|false&#8221; box_shadow_style=&#8221;preset1&#8243; global_colors_info=&#8221;{}&#8221;]<\/p>\n<p><strong>20-21.11.2021<\/strong><\/p>\n<p>Marraskuu on rauhoittumisen ja levon aikaa syksyn kiihkeyden ja loppuvuoden kiireiden v\u00e4liss\u00e4. Marraskuussa elet\u00e4\u00e4n vuoden pimeint\u00e4 aikaa, marraskuun pimeydess\u00e4 pienikin valo koskettaa. Marraskuussa luonto on hiljainen, silloin on tilaa n\u00e4hd\u00e4 ja kokea pime\u00e4n vuodenajan erityinen, herkk\u00e4 valo. Herkk\u00e4, hiljaa hiipuvan p\u00e4iv\u00e4n valo, lyhdyt puutarhassa, kynttil\u00e4n liekki, huikea t\u00e4htitaivas. Tutustumme valon esitt\u00e4miseen taiteessa ja pohdimme valon symbolista merkityst\u00e4. Miten maalata kynttil\u00e4n liekki tai t\u00e4htitaivas? Tutustumme my\u00f6s erilaisiin varjoihin, varjon v\u00e4riin ja heijastuksiin. Kurssilla voit keskitty\u00e4 valon tutkimiseen tai vaikka toteuttaa sarjan uniikkeja joulukortteja.<\/p>\n<p>Ruokana nautimme muun muassa kes\u00e4ll\u00e4 eri tavoin s\u00e4il\u00f6ttyj\u00e4 herkkuja puutarhasta ja l\u00e4himetsist\u00e4. Illalla nautitaan pime\u00e4n illan rauhasta 150-vuotiaan saunan l\u00f6ylyist\u00e4 ja Saimaan Y\u00f6veden aalloista.<\/p>\n<p>Kurssille otetaan korkeintaan 6 osallistujaa. Majoitus 1\u20132 hengen huoneissa. Kurssin hinta 195 \u20ac sis\u00e4lt\u00e4\u00e4 opetus, ruoka ja kahvit. Y\u00f6pyminen 40 \u20ac\/y\u00f6 sis\u00e4lt\u00e4\u00e4 aamupalan, iltapalan ja saunan illalla. Kurssi alkaa lauantaina klo 10, mahdollisuus majoittua ja saunoa jo perjantai iltana.<\/p>\n<p>&nbsp;<\/p>\n<p>Lauantai<\/p>\n<p>8.30\u20139.30 aamupala y\u00f6pyjille<\/p>\n<p>10\u201311 kurssin aloitus, esitt\u00e4ytyminen. Valo ja sen symbolinen merkitys taiteessa<\/p>\n<p>11\u201313.30 inspiraatioretki l\u00e4hiymp\u00e4rist\u00f6\u00f6n, valon tutkimista maalaamalla, henkil\u00f6kohtaista ohjausta<\/p>\n<p>13.30\u201314.30 ruoka ja kahvi<\/p>\n<p>14.30\u201316 opetustuokio varjon olemuksesta, maalaamista, henkil\u00f6kohtaista ohjausta<\/p>\n<p>16.00 alkaen tarjolla kahvia, teet\u00e4 ja kasvis\/sienipiirakkaa<\/p>\n<p>19\u201321 y\u00f6pyjille sauna ja iltapalaa<\/p>\n<p>&nbsp;<\/p>\n<p class=\"\">Sunnuntai<\/p>\n<p class=\"\">8.30\u20139.30 aamupala y\u00f6pyjille<\/p>\n<p class=\"\">10\u201311 v\u00e4likatselmus, ja inspiraatiok\u00e4vely l\u00e4hiymp\u00e4rist\u00f6ss\u00e4<\/p>\n<p>11\u201313 maalaamista, henkil\u00f6kohtaista ohjausta<\/p>\n<p>13\u201314 ruoka ja kahvi<\/p>\n<p>14\u201315 t\u00f6iden viimeistely\u00e4, loppukatselmus, kahvi ja kurssin lopetus<\/p>\n<p>[\/et_pb_blurb][\/et_pb_column][\/et_pb_row][et_pb_row _builder_version=&#8221;4.10.8&#8243; _module_preset=&#8221;default&#8221;][et_pb_column _builder_version=&#8221;4.10.8&#8243; _module_preset=&#8221;default&#8221; type=&#8221;4_4&#8243;][et_pb_button button_text=&#8221;Lis\u00e4tiedot ja ilmoittautuminen&#8221; _builder_version=&#8221;4.10.8&#8243; _module_preset=&#8221;default&#8221; custom_button=&#8221;on&#8221; button_text_size=&#8221;16px&#8221; button_text_color=&#8221;#011738&#8243; button_url=&#8221;https:\/\/yovedenateljeekoti.net\/yhteystiedot\/&#8221; hover_enabled=&#8221;0&#8243; sticky_enabled=&#8221;0&#8243;][\/et_pb_button][\/et_pb_column][\/et_pb_row][\/et_pb_section]<\/p>\n","protected":false},"excerpt":{"rendered":"<p>20-21.11.2021 Marraskuu on rauhoittumisen ja levon aikaa syksyn kiihkeyden ja loppuvuoden kiireiden v\u00e4liss\u00e4. Marraskuussa elet\u00e4\u00e4n vuoden pimeint\u00e4 aikaa, marraskuun pimeydess\u00e4 pienikin valo koskettaa. Marraskuussa luonto on hiljainen, silloin on tilaa n\u00e4hd\u00e4 ja kokea pime\u00e4n vuodenajan erityinen, herkk\u00e4 valo. Herkk\u00e4, hiljaa hiipuvan p\u00e4iv\u00e4n valo, lyhdyt puutarhassa, kynttil\u00e4n liekki, huikea t\u00e4htitaivas. Tutustumme valon esitt\u00e4miseen taiteessa ja pohdimme [&hellip;]<\/p>\n","protected":false},"author":4,"featured_media":0,"comment_status":"closed","ping_status":"closed","sticky":false,"template":"","format":"standard","meta":{"_et_pb_use_builder":"on","_et_pb_old_content":"","_et_gb_content_width":"","footnotes":""},"categories":[11],"tags":[],"class_list":["post-54197","post","type-post","status-publish","format-standard","hentry","category-menneet-kurssit"],"aioseo_notices":[],"_links":{"self":[{"href":"https:\/\/yovedenateljeekoti.net\/en\/wp-json\/wp\/v2\/posts\/54197","targetHints":{"allow":["GET"]}}],"collection":[{"href":"https:\/\/yovedenateljeekoti.net\/en\/wp-json\/wp\/v2\/posts"}],"about":[{"href":"https:\/\/yovedenateljeekoti.net\/en\/wp-json\/wp\/v2\/types\/post"}],"author":[{"embeddable":true,"href":"https:\/\/yovedenateljeekoti.net\/en\/wp-json\/wp\/v2\/users\/4"}],"replies":[{"embeddable":true,"href":"https:\/\/yovedenateljeekoti.net\/en\/wp-json\/wp\/v2\/comments?post=54197"}],"version-history":[{"count":6,"href":"https:\/\/yovedenateljeekoti.net\/en\/wp-json\/wp\/v2\/posts\/54197\/revisions"}],"predecessor-version":[{"id":54439,"href":"https:\/\/yovedenateljeekoti.net\/en\/wp-json\/wp\/v2\/posts\/54197\/revisions\/54439"}],"wp:attachment":[{"href":"https:\/\/yovedenateljeekoti.net\/en\/wp-json\/wp\/v2\/media?parent=54197"}],"wp:term":[{"taxonomy":"category","embeddable":true,"href":"https:\/\/yovedenateljeekoti.net\/en\/wp-json\/wp\/v2\/categories?post=54197"},{"taxonomy":"post_tag","embeddable":true,"href":"https:\/\/yovedenateljeekoti.net\/en\/wp-json\/wp\/v2\/tags?post=54197"}],"curies":[{"name":"wp","href":"https:\/\/api.w.org\/{rel}","templated":true}]}}