{"id":54578,"date":"2021-12-13T16:08:27","date_gmt":"2021-12-13T14:08:27","guid":{"rendered":"https:\/\/yovedenateljeekoti.net\/?p=54578"},"modified":"2022-05-24T13:31:18","modified_gmt":"2022-05-24T10:31:18","slug":"akvarellimaalausta-aloittelijoille-2-3-4-2022","status":"publish","type":"post","link":"https:\/\/yovedenateljeekoti.net\/en\/akvarellimaalausta-aloittelijoille-2-3-4-2022\/","title":{"rendered":"Akvarellimaalausta aloittelijoille 2-3.4.2022"},"content":{"rendered":"<p>[et_pb_section fb_built=&#8221;1&#8243; admin_label=&#8221;section&#8221; _builder_version=&#8221;3.22&#8243; global_colors_info=&#8221;{}&#8221;][et_pb_row admin_label=&#8221;row&#8221; _builder_version=&#8221;3.25&#8243; background_size=&#8221;initial&#8221; background_position=&#8221;top_left&#8221; background_repeat=&#8221;repeat&#8221; global_colors_info=&#8221;{}&#8221;][et_pb_column type=&#8221;4_4&#8243; _builder_version=&#8221;3.25&#8243; custom_padding=&#8221;|||&#8221; global_colors_info=&#8221;{}&#8221; custom_padding__hover=&#8221;|||&#8221;][et_pb_text admin_label=&#8221;Text&#8221; _builder_version=&#8221;3.27.4&#8243; background_size=&#8221;initial&#8221; background_position=&#8221;top_left&#8221; background_repeat=&#8221;repeat&#8221; global_colors_info=&#8221;{}&#8221;]<\/p>\n<p>Kurssilla perehdyt\u00e4\u00e4n akvarellimaalauksen alkeisiin. Mit\u00e4\u00e4n aikaisempaa kokemusta ei tarvitse olla, ei edes v\u00e4lineit\u00e4 ja materiaaleja sill\u00e4 ne sis\u00e4ltyv\u00e4t kurssin hintaan. Kurssilla aloitamme aivan alkeista, papereista, v\u00e4lineist\u00e4 ja niiden k\u00e4yt\u00f6st\u00e4, perustekniikoista. Lis\u00e4ksi k\u00e4ymme l\u00e4pi v\u00e4rioppia ja sommittelua. Kurssilta saat mukaasi intoa ja oppia uuteen ihanaan harrastukseen sek\u00e4 perussetin tarvikkeista, joilla jatkaa harrastusta kotona. Ota yst\u00e4v\u00e4 mukaan, yhdess\u00e4 majoitutte edullisemmin.<\/p>\n<p class=\"\"><strong>Kurssimaksu <\/strong>330 \u20ac sis\u00e4lt\u00e4\u00e4 opetuksen, lounaan, iltaruoan, kahvin ja perussetin akvarellimaalauksen tarvikkeista kylm\u00e4t ja l\u00e4mpim\u00e4t laadukkaat perusnappiv\u00e4rit 6kpl, (Schminke horadam), hyv\u00e4laatuinen keskikokoinen oravankarvasivellin (raphael 308 11mm), kolme isoa arkkia akvarellipaperia (Arches 100% puuvilla).<br \/>Tarjolla on my\u00f6s iltap\u00e4ivisin kahvia\/teet\u00e4 sek\u00e4 kasvispitsaa ja perinteist\u00e4 savolaista ohrarieskaa.<\/p>\n<p class=\"\">Kurssimaksu ja majoitus maksetaan laskulla ilmoittautumisen j\u00e4lkeen, jolloin ilmoittautumisesta tulee sitova.<\/p>\n<p class=\"\"><strong>Kurssiaika:\u00a0<\/strong>la klo 10\u201318 ja su klo 10\u201315<\/p>\n<p><strong>Olet my\u00f6s l\u00e4mpim\u00e4sti tervetullut y\u00f6pym\u00e4\u00e4n Ateljeekodissa hintaan\u00a040\u00a0\u20ac\/y\u00f6 kahden hengen huoneessa ja 60 \u20ac\/y\u00f6 yhden hengen huoneessa.\u00a0<\/strong>Y\u00f6pyjille rantasauna 150-vuotiaassa saunassa sek\u00e4 aamupala. Ateljeekotiin voit saapua jo perjantaina, vaikka varsinainen kurssiohjelma alkaa vasta lauantaina.<\/p>\n<p>Akvarellimaalaus ei ole vaikeaa! T\u00e4ss\u00e4 kuten niin monessa muussakin lajissa asenne ratkaisee ja tekem\u00e4ll\u00e4 oppii.<\/p>\n<p><strong>Peruutusehdot<\/strong><\/p>\n<ul>\n<li>Mik\u00e4li perut osallistumisesi viimeist\u00e4\u00e4n nelj\u00e4toista p\u00e4iv\u00e4\u00e4 ennen kurssin alkua, hyvit\u00e4mme puolet kurssimaksusta.<\/li>\n<li>T\u00e4m\u00e4n j\u00e4lkeen tulleista peruutuksista emme hyvit\u00e4 kurssimaksua, mutta hyvit\u00e4mme puolet maksusta osallistuessasi jollekin toiselle kurssille vuoden sis\u00e4ll\u00e4.<\/li>\n<li>Majoitusmaksun hyvit\u00e4mme kokonaan.<\/li>\n<li>Koko kurssimaksu palautetaan, mik\u00e4li Y\u00f6veden Ateljeekoti joutuu perumaan kurssin tai kurssi peruuntuu korona rajoitusten vuoksi.<\/li>\n<\/ul>\n<p>Kurssiohjelma on suuntaa antava ja voi el\u00e4\u00e4 tilanteen mukaan.<\/p>\n<p><strong>Lauantai<\/strong><\/p>\n<p>8-9.30 aamupala majoittujille<\/p>\n<p>10-11 katsaus v\u00e4lineisiin ja mit\u00e4 niist\u00e4 on hyv\u00e4 tiet\u00e4\u00e4, v\u00e4rit, siveltimet, paperit, muut tarvikkeet, katsaus akvarellin luonteeseen ja historiaan.<\/p>\n<p>11-13 v\u00e4rioppia, perustekniikat, henkil\u00f6kohtaista ohjausta<\/p>\n<p>13-14 lounas ja kahvi<\/p>\n<p>14-18 sommitteluoppia, henkil\u00f6kohtaista ohjausta, iltateht\u00e4v\u00e4nanto. Tarjolla kasvispitsaa teet\u00e4 ja kahvia sek\u00e4 perinteist\u00e4 savolaista ohrarieskaa<\/p>\n<p>18-21 sauna, vapaata ty\u00f6skentely\u00e4, iltapalaa<\/p>\n<p><strong>Sunnuntai<\/strong><\/p>\n<p>8-9.30 aamupala majoittujille<\/p>\n<p>10.00 yhteinen katselmus ja ajatustenvaihto syntyneist\u00e4 t\u00f6ist\u00e4<\/p>\n<p>11-12.30 interi\u00f6\u00f6ri kuvakatsaus ja pieni teht\u00e4v\u00e4<\/p>\n<p>12.30-13 yhteinen katselmus ja palaute<\/p>\n<p>13-14 lounas ja kahvi<\/p>\n<p>14-15 kurssin lopetus ja kotiin l\u00e4ht\u00f6<\/p>\n<p>[\/et_pb_text][\/et_pb_column][\/et_pb_row][\/et_pb_section]<\/p>\n","protected":false},"excerpt":{"rendered":"<p>Kurssilla perehdyt\u00e4\u00e4n akvarellimaalauksen alkeisiin. Mit\u00e4\u00e4n aikaisempaa kokemusta ei tarvitse olla, ei edes v\u00e4lineit\u00e4 ja materiaaleja sill\u00e4 ne sis\u00e4ltyv\u00e4t kurssin hintaan. Kurssilla aloitamme aivan alkeista, papereista, v\u00e4lineist\u00e4 ja niiden k\u00e4yt\u00f6st\u00e4, perustekniikoista. Lis\u00e4ksi k\u00e4ymme l\u00e4pi v\u00e4rioppia ja sommittelua. Kurssilta saat mukaasi intoa ja oppia uuteen ihanaan harrastukseen sek\u00e4 perussetin tarvikkeista, joilla jatkaa harrastusta kotona. Ota yst\u00e4v\u00e4 mukaan, [&hellip;]<\/p>\n","protected":false},"author":4,"featured_media":54309,"comment_status":"closed","ping_status":"closed","sticky":false,"template":"","format":"standard","meta":{"_et_pb_use_builder":"on","_et_pb_old_content":"Kurssilla perehdyt\u00e4\u00e4n akvarellimaalauksen alkeisiin. Mit\u00e4\u00e4n aikaisempaa kokemusta ei tarvitse olla, ei edes v\u00e4lineit\u00e4 ja materiaaleja sill\u00e4 ne sis\u00e4ltyv\u00e4t kurssin hintaan. Kurssilla aloitamme aivan alkeista, papereista, v\u00e4lineist\u00e4 ja niiden k\u00e4yt\u00f6st\u00e4, perustekniikoista. Lis\u00e4ksi k\u00e4ymme l\u00e4pi v\u00e4rioppia ja sommittelua. Kurssilta saat mukaasi intoa ja oppia uuteen ihanaan harrastukseen sek\u00e4 perussetin tarvikkeista, joilla jatkaa harrastusta kotona. Ota yst\u00e4v\u00e4 mukaan, yhdess\u00e4 majoitutte edullisemmin.\r\n<p class=\"\"><strong>Kurssimaksu <\/strong>330 \u20ac sis\u00e4lt\u00e4\u00e4 opetuksen, lounaan, iltaruoan, kahvin ja perussetin akvarellimaalauksen tarvikkeista kylm\u00e4t ja l\u00e4mpim\u00e4t laadukkaat perusnappiv\u00e4rit 6kpl, (Schminke horadam), hyv\u00e4laatuinen keskikokoinen oravankarvasivellin (raphael 308 11mm), kolme isoa arkkia akvarellipaperia (Arches 100% puuvilla).\r\nTarjolla on my\u00f6s iltap\u00e4ivisin kahvia\/teet\u00e4 sek\u00e4 kasvispitsaa ja perinteist\u00e4 savolaista ohrarieskaa.<\/p>\r\n<p class=\"\"><strong>Kurssiaika:\u00a0<\/strong>la 2.4. klo 10\u201318 ja su 3.4. klo 10\u201315<\/p>\r\n<strong>Olet my\u00f6s l\u00e4mpim\u00e4sti tervetullut y\u00f6pym\u00e4\u00e4n Ateljeekodissa hintaan\u00a040\u00a0\u20ac\/y\u00f6 kahden hengen huoneessa ja 60 \u20ac\/y\u00f6 yhden hengen huoneessa.\u00a0<\/strong>Y\u00f6pyjille rantasauna 150-vuotiaassa saunassa sek\u00e4 aamupala. . Ateljeekotiin voit saapua jo perjantaina, vaikka varsinainen kurssiohjelma alkaa vasta lauantaina.\r\n\r\nAkvarellimaalaus ei ole vaikeaa! T\u00e4ss\u00e4 kuten niin monessa muussakin lajissa asenne ratkaisee ja tekem\u00e4ll\u00e4 oppii.\r\n\r\nKurssiohjelma on suuntaa antava ja voi el\u00e4\u00e4 tilanteen mukaan.\r\n\r\n<strong>Lauantai<\/strong>\r\n\r\n8-9.30 aamupala majoittujille\r\n\r\n10-11 katsaus v\u00e4lineisiin ja mit\u00e4 niist\u00e4 on hyv\u00e4 tiet\u00e4\u00e4, v\u00e4rit, siveltimet, paperit, muut tarvikkeet, katsaus akvarellin luonteeseen ja historiaan.\r\n\r\n11-13 v\u00e4rioppia, perustekniikat, henkil\u00f6kohtaista ohjausta\r\n\r\n13-14 lounas ja kahvi\r\n\r\n14-18 sommitteluoppia, henkil\u00f6kohtaista ohjausta, iltateht\u00e4v\u00e4nanto. Tarjolla kasvispitsaa teet\u00e4 ja kahvia sek\u00e4 perinteist\u00e4 savolaista ohrarieskaa\r\n\r\n18-21 sauna, vapaata ty\u00f6skentely\u00e4, iltapalaa\r\n\r\n<strong>Sunnuntai<\/strong>\r\n\r\n8-9.30 aamupala majoittujille\r\n\r\n10.00 yhteinen katselmus ja ajatustenvaihto syntyneist\u00e4 t\u00f6ist\u00e4\r\n\r\n11-12.30 interi\u00f6\u00f6ri kuvakatsaus ja pieni teht\u00e4v\u00e4\r\n\r\n12.30-13 yhteinen katselmus ja palaute\r\n\r\n13-14 lounas ja kahvi\r\n\r\n14-15 kurssin lopetus ja kotiin l\u00e4ht\u00f6","_et_gb_content_width":"","footnotes":""},"categories":[11],"tags":[],"class_list":["post-54578","post","type-post","status-publish","format-standard","has-post-thumbnail","hentry","category-menneet-kurssit"],"aioseo_notices":[],"_links":{"self":[{"href":"https:\/\/yovedenateljeekoti.net\/en\/wp-json\/wp\/v2\/posts\/54578","targetHints":{"allow":["GET"]}}],"collection":[{"href":"https:\/\/yovedenateljeekoti.net\/en\/wp-json\/wp\/v2\/posts"}],"about":[{"href":"https:\/\/yovedenateljeekoti.net\/en\/wp-json\/wp\/v2\/types\/post"}],"author":[{"embeddable":true,"href":"https:\/\/yovedenateljeekoti.net\/en\/wp-json\/wp\/v2\/users\/4"}],"replies":[{"embeddable":true,"href":"https:\/\/yovedenateljeekoti.net\/en\/wp-json\/wp\/v2\/comments?post=54578"}],"version-history":[{"count":5,"href":"https:\/\/yovedenateljeekoti.net\/en\/wp-json\/wp\/v2\/posts\/54578\/revisions"}],"predecessor-version":[{"id":54622,"href":"https:\/\/yovedenateljeekoti.net\/en\/wp-json\/wp\/v2\/posts\/54578\/revisions\/54622"}],"wp:featuredmedia":[{"embeddable":true,"href":"https:\/\/yovedenateljeekoti.net\/en\/wp-json\/wp\/v2\/media\/54309"}],"wp:attachment":[{"href":"https:\/\/yovedenateljeekoti.net\/en\/wp-json\/wp\/v2\/media?parent=54578"}],"wp:term":[{"taxonomy":"category","embeddable":true,"href":"https:\/\/yovedenateljeekoti.net\/en\/wp-json\/wp\/v2\/categories?post=54578"},{"taxonomy":"post_tag","embeddable":true,"href":"https:\/\/yovedenateljeekoti.net\/en\/wp-json\/wp\/v2\/tags?post=54578"}],"curies":[{"name":"wp","href":"https:\/\/api.w.org\/{rel}","templated":true}]}}