{"id":54644,"date":"2023-12-02T13:42:10","date_gmt":"2023-12-02T11:42:10","guid":{"rendered":"https:\/\/yovedenateljeekoti.net\/?p=54644"},"modified":"2024-09-19T17:49:31","modified_gmt":"2024-09-19T14:49:31","slug":"automaattinen-luonnos","status":"publish","type":"post","link":"https:\/\/yovedenateljeekoti.net\/en\/automaattinen-luonnos\/","title":{"rendered":"Kirjoittajan \u00e4\u00e4ni -ritualistinen kirjoitusretriitti 20 -22.9.2024"},"content":{"rendered":"<p>[et_pb_section fb_built=&#8221;1&#8243; _builder_version=&#8221;4.16&#8243; background_color=&#8221;#F9F5F0&#8243; custom_padding=&#8221;22px|||||&#8221; global_colors_info=&#8221;{}&#8221;][et_pb_row _builder_version=&#8221;4.16&#8243; global_colors_info=&#8221;{}&#8221;][et_pb_column type=&#8221;4_4&#8243; _builder_version=&#8221;4.16&#8243; global_colors_info=&#8221;{}&#8221;][et_pb_button button_url=&#8221;https:\/\/ateljeekoti.johku.com\/fi_FI\/kurssit\/https-yovedenateljeekoti-net-automaattinen-luonnos&#8221; button_text=&#8221;Kurssin verkkokauppa&#8221; _builder_version=&#8221;4.20.0&#8243; _module_preset=&#8221;default&#8221; custom_button=&#8221;on&#8221; button_text_size=&#8221;16px&#8221; button_text_color=&#8221;#011738&#8243; global_colors_info=&#8221;{}&#8221;][\/et_pb_button][et_pb_blurb title=&#8221;Kirjoittajan \u00e4\u00e4ni -ritualistinen kirjoitusretriitti 9-11.9.2022&#8243; _builder_version=&#8221;4.20.0&#8243; header_font=&#8221;Cinzel Decorative|700|||||||&#8221; background_color=&#8221;#ffffff&#8221; custom_padding=&#8221;67px|5px|51px|5px|false|false&#8221; box_shadow_style=&#8221;preset1&#8243; global_colors_info=&#8221;{}&#8221;]<\/p>\n<p>&nbsp;<\/p>\n<p><strong>Kirjoittajan a\u0308a\u0308ni<\/strong>\u00a0on oman \u00e4\u00e4nen ja sanallisen ilmaisun vahvistamisesta kiinnostuneille suunnattu retriitti.<\/p>\n<p>Syyskuun kirjoittajan \u00e4\u00e4ni-retriitill\u00e4 laskeudumme Y\u00f6veden kauniiseen kulttuurimaisemaan, muinaisuuden \u00e4\u00e4relle. Retriitill\u00e4 la\u0308hestymme kehoa ja alitajuista luovuutemme keskuksena. Yhdistelma\u0308 kehollista a\u0308a\u0308nityo\u0308skentelya\u0308 ja alitajuntaa hera\u0308ttelevia\u0308 kirjoitusharjoituksia tarjoaa osallistujille uudenlaisia keinoja la\u0308hestya\u0308 luovuuden virtaavuutta ja kehitta\u0308a\u0308 omaa sanallista ilmaisua.<\/p>\n<p>Retriitin teemat kytkeytyv\u00e4t elementteihin (vesi, tuli, ilma, maa), luonnon tasapainoon ja sadonkorjuun aikaan. Ty\u00f6skentelemme harjoituksissa ja lauantain tuliseremoniassa my\u00f6s suomalaisen perinteen ja perinteisten laulujen kanssa.<\/p>\n<p>A\u0308a\u0308niharjoitukset ta\u0308hta\u0308a\u0308va\u0308t hera\u0308tta\u0308ma\u0308a\u0308n luonnollisen flowtilamme. Kun laskeudumme kehoomme ja sitoudumme itsemme ravitsemisen hitaaseen prosessiin, a\u0308a\u0308ni tyo\u0308kaluna voi toimia tutkimusmatkailijan tavoin, tuoden ja paljastaen esiin syvimpia\u0308 kerroksiamme.<\/p>\n<p>A\u0308a\u0308nityo\u0308skentelya\u0308 ta\u0308ydenta\u0308va\u0308t ritualistiset ja alitajuntaa luotaavat kirjoitusharjoitukset tarjoavat tyo\u0308kaluja asettua luovaan tilaan myo\u0308s keskella\u0308 kiireista\u0308 arkea. Harjoitukset vahvistavat oman sis\u00e4isen a\u0308a\u0308nen kuulemista ja luovat uusia na\u0308ko\u0308kulmia kehoon ja la\u0308sna\u0308oloon luovan ty\u00f6n va\u0308lineina\u0308.<\/p>\n<p>Retriitin ty\u00f6skentely\u00e4 tukevat el\u00e4m\u00e4nvoimaa nostattava saunotus ja maadoittava tuliseremonia. Saunassa laulamme saunalauluja, karkoitamme luovuutemme esteit\u00e4 ja loitsimme. Jokainen osallistuja saa halutessaan vastaanottaa hoitavaa vihdontaa.<\/p>\n<p>Perinneseremoniassa juhlimme el\u00e4v\u00e4n tulen \u00e4\u00e4rell\u00e4 syysp\u00e4iv\u00e4ntasausta ja syys-Mattia. Pys\u00e4htyminen itsen, luonnon ja yhteydellisyyden \u00e4\u00e4relle seremonian keinoin her\u00e4ttelee luomisvoimaa ja palauttaa l\u00e4sn\u00e4oloon.<\/p>\n<p>Teemme harjoituksia paljon ulkona luonnon \u00e4\u00e4rell\u00e4. Teemme my\u00f6s retken veneell\u00e4 Astuvansalmen kalliomaalauksille.<\/p>\n<p>Harjoitukset palvelevat kaikenlaisia kirjoittajia. Voit osallistua, vaikka et olisi koskaan kirjoittanut sanaakaan tai vaikka luovuutesi olisi juuri nyt t\u00e4ysin hukassa. Retriitill\u00e4 etsimme v\u00e4yli\u00e4 luovuudellesi tulla esiin \u00e4\u00e4nen ja sanallisen ilmaisun muodossa. Osallistuminen ei myo\u0308ska\u0308a\u0308n edellyta\u0308 aiempaa kokemusta kehollisesta a\u0308a\u0308nityo\u0308skentelysta\u0308 tai yleensa\u0308 a\u0308a\u0308nen ka\u0308yto\u0308sta\u0308.<\/p>\n<p>&nbsp;<\/p>\n<p><strong>Retriitin alustava aikataulu<\/strong><\/p>\n<p><strong><br \/>Pe 22.9.<\/strong><\/p>\n<p>16-18 Saapuminen paikalle ja asettuminen<br \/>18-19 Ohjelman ja yleisten asioiden l\u00e4pik\u00e4ynti, tutustumista ja intentiomeditaatio<br \/>19-22 Saunotus<br \/>Iltapala<\/p>\n<p><strong><br \/>La 23.9.<\/strong><\/p>\n<p>8-9 Aamupala<br \/>9-10.30 \u00c4\u00e4nity\u00f6skentely\u00e4<br \/>11-12 Lounas<br \/>12-14 Kirjoitusharjoituksia<br \/>14-16 Tauko<br \/>16-17 P\u00e4iv\u00e4llinen<br \/>18-20 Perinneseremonia<br \/>20-22 Iltapala ja sauna<\/p>\n<p><strong><br \/>Su 24.9.<\/strong><\/p>\n<p>8-9 Aamupala<br \/>9-10 \u00c4\u00e4nity\u00f6skentely\u00e4<br \/>10-12 Retki Astuvansalmelle &amp; harjoituksia<br \/>12-13 Lounas<br \/>13-15 Jakamispiiri<br \/>15 &#8211;&gt; Kiitokset, hyv\u00e4stit ja kotiinl\u00e4ht\u00f6<\/p>\n<p>&nbsp;<\/p>\n<p><span>&#8212; <\/span><\/p>\n<p><a href=\"http:\/\/www.runoian.fi\">www.runoian.fi<\/a><\/p>\n<p>Runoian &amp; Runoian tila<\/p>\n<p>Pia Autero<br \/>+358 44 3240283<\/p>\n<p><a href=\"mailto:runoiantila@gmail.com\">runoiantila@gmail.com<\/a><\/p>\n<p>Ohjaajat<\/p>\n<p>Magdalena M\u00f6ls\u00e4 (Vaskilintu) on vokalisti, moderni luontomystikko ja ritualisti. Magdalenaa inspiroivat parantavat terapeuttiset aspektit seremoniallisessa musiikissa sek\u00e4 kehollistettu holistinen \u00e4\u00e4nity\u00f6. Magdalena on fasilitoinut holistisia \u00e4\u00e4nity\u00f6pajoja 2019 vuodesta alkaen.<\/p>\n<p>Pia Autero (Runoian) on kirjoittaja, valokuvaaja ja valmentaja. Koulutukseltaan h\u00e4n on kertomus- ja tekstiteorian FM sek\u00e4 tulevaisuudentutkija ja kest\u00e4v\u00e4n kehityksen asiantuntija (VTM). Pia on opiskellut luovaa kirjoittamista muun muassa Turun yliopistossa. Ohjaajana h\u00e4n on omistautunut ihmisen ainutlaatuisen ilmaisun vapauttamisen ja oman voiman l\u00f6yt\u00e4misen tukemiseen.<\/p>\n<p>Osallistumismaksu 350e<\/p>\n<p>Kurssimaksu sis\u00e4lt\u00e4\u00e4: ohjaus, lounas, iltap\u00e4iv\u00e4kahvi, p\u00e4iv\u00e4llinen. Lis\u00e4ksi teemme retken Astuvansalmen kalliomaalauksille.<\/p>\n<p>Majoitus 1-2hh huoneissa sis\u00e4ll\u00e4 talossa tai piha-aitoissa 60\/40 \u20ac\/y\u00f6 sis\u00e4lt\u00e4\u00e4 aamupalan, iltapalan sek\u00e4 rantasaunan iltaisin.<\/p>\n<p><strong>Osta kurssi ja valitse mieleisesi majoitus verkkokaupasta. Verkkokauppaan p\u00e4\u00e4set esittelytekstin lopusta l\u00f6ytyv\u00e4ll\u00e4 painikkeella.<\/strong><\/p>\n<p>Lis\u00e4tietoa retriitist\u00e4 ja ohjaajista:<br \/><a href=\"http:\/\/www.runoian.fi\">www.runoian.fi<\/a><br \/><a href=\"http:\/\/www.vaskilintu.com\">www.vaskilintu.com<\/a><\/p>\n<p>Tiedustelut: <a href=\"mailto:runoiantila@gmail.com\">runoiantila@gmail.com<\/a><\/p>\n<p><a href=\"http:\/\/www.runoian.fi\">www.runoian.fi<\/a><\/p>\n<p>Runoian &amp; Runoian tila<\/p>\n<p>Pia Autero<br \/>+358 44 3240283<\/p>\n<p>Peruutusehdot<\/p>\n<ul>\n<li>Mik\u00e4li perut osallistumisesi viimeist\u00e4\u00e4n nelj\u00e4toistap\u00e4iv\u00e4\u00e4 ennen kurssin alkua hyvit\u00e4mme kurssimaksun kokonaan.<\/li>\n<li>T\u00e4m\u00e4n j\u00e4lkeen tulleista peruutuksista hyvit\u00e4mme puolet kurssimaksusta.<\/li>\n<li>Majoitusmaksun hyvit\u00e4mme kokonaan.<\/li>\n<li>Koko kurssimaksu palautetaan, mik\u00e4li Y\u00f6veden Ateljeekoti joutuu perumaan kurssin.<\/li>\n<\/ul>\n<p>&nbsp;<\/p>\n<p>[\/et_pb_blurb][\/et_pb_column][\/et_pb_row][et_pb_row _builder_version=&#8221;4.18.0&#8243; _module_preset=&#8221;default&#8221; global_colors_info=&#8221;{}&#8221;][et_pb_column type=&#8221;4_4&#8243; _builder_version=&#8221;4.16&#8243; _module_preset=&#8221;default&#8221; global_colors_info=&#8221;{}&#8221;][\/et_pb_column][\/et_pb_row][\/et_pb_section]<\/p>\n","protected":false},"excerpt":{"rendered":"<p>&nbsp; Kirjoittajan a\u0308a\u0308ni\u00a0on oman \u00e4\u00e4nen ja sanallisen ilmaisun vahvistamisesta kiinnostuneille suunnattu retriitti.Syyskuun kirjoittajan \u00e4\u00e4ni-retriitill\u00e4 laskeudumme Y\u00f6veden kauniiseen kulttuurimaisemaan, muinaisuuden \u00e4\u00e4relle. Retriitill\u00e4 la\u0308hestymme kehoa ja alitajuista luovuutemme keskuksena. Yhdistelma\u0308 kehollista a\u0308a\u0308nityo\u0308skentelya\u0308 ja alitajuntaa hera\u0308ttelevia\u0308 kirjoitusharjoituksia tarjoaa osallistujille uudenlaisia keinoja la\u0308hestya\u0308 luovuuden virtaavuutta ja kehitta\u0308a\u0308 omaa sanallista ilmaisua. Retriitin teemat kytkeytyv\u00e4t elementteihin (vesi, tuli, ilma, maa), luonnon [&hellip;]<\/p>\n","protected":false},"author":4,"featured_media":0,"comment_status":"closed","ping_status":"closed","sticky":false,"template":"","format":"standard","meta":{"_et_pb_use_builder":"on","_et_pb_old_content":"","_et_gb_content_width":"","footnotes":""},"categories":[11],"tags":[],"class_list":["post-54644","post","type-post","status-publish","format-standard","hentry","category-menneet-kurssit"],"aioseo_notices":[],"_links":{"self":[{"href":"https:\/\/yovedenateljeekoti.net\/en\/wp-json\/wp\/v2\/posts\/54644","targetHints":{"allow":["GET"]}}],"collection":[{"href":"https:\/\/yovedenateljeekoti.net\/en\/wp-json\/wp\/v2\/posts"}],"about":[{"href":"https:\/\/yovedenateljeekoti.net\/en\/wp-json\/wp\/v2\/types\/post"}],"author":[{"embeddable":true,"href":"https:\/\/yovedenateljeekoti.net\/en\/wp-json\/wp\/v2\/users\/4"}],"replies":[{"embeddable":true,"href":"https:\/\/yovedenateljeekoti.net\/en\/wp-json\/wp\/v2\/comments?post=54644"}],"version-history":[{"count":19,"href":"https:\/\/yovedenateljeekoti.net\/en\/wp-json\/wp\/v2\/posts\/54644\/revisions"}],"predecessor-version":[{"id":55170,"href":"https:\/\/yovedenateljeekoti.net\/en\/wp-json\/wp\/v2\/posts\/54644\/revisions\/55170"}],"wp:attachment":[{"href":"https:\/\/yovedenateljeekoti.net\/en\/wp-json\/wp\/v2\/media?parent=54644"}],"wp:term":[{"taxonomy":"category","embeddable":true,"href":"https:\/\/yovedenateljeekoti.net\/en\/wp-json\/wp\/v2\/categories?post=54644"},{"taxonomy":"post_tag","embeddable":true,"href":"https:\/\/yovedenateljeekoti.net\/en\/wp-json\/wp\/v2\/tags?post=54644"}],"curies":[{"name":"wp","href":"https:\/\/api.w.org\/{rel}","templated":true}]}}