{"id":55070,"date":"2023-09-14T16:25:57","date_gmt":"2023-09-14T13:25:57","guid":{"rendered":"https:\/\/yovedenateljeekoti.net\/?p=55070"},"modified":"2023-12-05T19:38:10","modified_gmt":"2023-12-05T17:38:10","slug":"illallinen-ateljeessa-14-10-2023","status":"publish","type":"post","link":"https:\/\/yovedenateljeekoti.net\/en\/illallinen-ateljeessa-14-10-2023\/","title":{"rendered":"Illallinen Ateljeessa 11.11.2023"},"content":{"rendered":"<p>[et_pb_section fb_built=&#8221;1&#8243; admin_label=&#8221;section&#8221; _builder_version=&#8221;4.16&#8243; global_colors_info=&#8221;{}&#8221;][et_pb_row admin_label=&#8221;row&#8221; _builder_version=&#8221;4.16&#8243; background_size=&#8221;initial&#8221; background_position=&#8221;top_left&#8221; background_repeat=&#8221;repeat&#8221; global_colors_info=&#8221;{}&#8221;][et_pb_column type=&#8221;4_4&#8243; _builder_version=&#8221;4.16&#8243; custom_padding=&#8221;|||&#8221; global_colors_info=&#8221;{}&#8221; custom_padding__hover=&#8221;|||&#8221;][et_pb_button button_url=&#8221;https:\/\/ateljeekoti.johku.com\/fi_FI\/products\/53-ateljeekoti-preview?previewkey=c953606eafc0a1deb1e5448d3f6a2c28&#8243; button_text=&#8221;Verkkokauppaan&#8221; _builder_version=&#8221;4.20.4&#8243; _module_preset=&#8221;default&#8221; global_colors_info=&#8221;{}&#8221;][\/et_pb_button][et_pb_text admin_label=&#8221;Text&#8221; _builder_version=&#8221;4.22.2&#8243; background_size=&#8221;initial&#8221; background_position=&#8221;top_left&#8221; background_repeat=&#8221;repeat&#8221; hover_enabled=&#8221;0&#8243; global_colors_info=&#8221;{}&#8221; sticky_enabled=&#8221;0&#8243;]<\/p>\n<p data-pm-slice=\"1 1 []\">Illallinen ateljeessa yhdist\u00e4\u00e4 taidetta, ruokakulttuuria ja musiikkia tunnelmalliseksi kokonaisuudeksi. Yritt\u00e4j\u00e4, kuvataiteilija <strong>Katja Antonoffin<\/strong> toteuttama taidekierros yhdistyy <strong>Ilkka Arvolan<\/strong> luomaan etel\u00e4savolaiseen ruokael\u00e4mykseen.<\/p>\n<p>\u201dAjatus illallisesta ateljeessa syntyi reilu vuosi sitten akvarellimaalauskurssin perinteisen viimeisen illan juhlaillallisen j\u00e4lkeen. Halusin tarjota my\u00f6s muille kuin kurssilaisille mahdollisuuden kokea illallinen ateljeessa rennosti taiteesta nauttien ja keskustellen hyv\u00e4n ruoan \u00e4\u00e4ress\u00e4. Illalliselle voi osallistua kuka vaan. Illallinen ateljeessa yhdist\u00e4\u00e4 taiteen ja ruokakulttuurin el\u00e4myksellisell\u00e4 tavalla\u201d<\/p>\n<p>Taide- ja makuel\u00e4mysten lis\u00e4ksi luvassa on my\u00f6s musiikkia. \u00c4\u00e4nimaailma on olennainen osa kokemusta. Illallisen aikana laulaja-lauluntekij\u00e4 <strong>Katri O.<\/strong> loihtii \u00e4\u00e4nimaisemia. Lis\u00e4ksi saamme kuulla h\u00e4nen soittoaan illallisen lopuksi. Hyvink\u00e4\u00e4l\u00e4inen muusikko ja taiteilija Katri O. keikkailee aktiivisesti, mutta on ensimm\u00e4ist\u00e4 kertaa esiintym\u00e4ss\u00e4 Etel\u00e4-Savossa.<\/p>\n<p><a href=\"https:\/\/www.youtube.com\/watch?v=U5TdV56Vago&amp;t=83s\" target=\"_blank\" rel=\"noopener noreferrer nofollow\">https:\/\/www.youtube.com\/watch?v=U5TdV56Vago&amp;t=83s<\/a><\/p>\n<p>&nbsp;<\/p>\n<p>Illan ohjelma on suuntaa antava ja voi el\u00e4\u00e4 tilanteen mukaan<\/p>\n<p><strong>Huom! Ilmoittautumiset 7.11 menness\u00e4 jotta kokki ehtii hankkia tarvittavat raakaianeet. Ilmoitathan eritysruokavaliosta ja allergioista 7.11 menness\u00e4.<\/strong><\/p>\n<p>&nbsp;<\/p>\n<p><strong>18.00<\/strong> saapuminen ateljeekotiin ja alkumalja (kysy mahdollisuudesta yhteiskuljetukseen)<\/p>\n<p><strong>18.15-18.45<\/strong> kierros ateljeessa, talon em\u00e4nt\u00e4 esittelee taloa ja taidetta<\/p>\n<p><strong>18.45<\/strong> illallinen alkaa<\/p>\n<p><strong>20.45- 21.30<\/strong> vapaata seurustelua, Katri O. esiintyy<\/p>\n<p>&nbsp;<\/p>\n<p><strong>Menu<\/strong><\/p>\n<p><strong>Alkuun<\/strong><\/p>\n<p><em>Kylm\u00e4savustettua Y\u00f6veden haukea ja vapaiden kanojen uppomuna, yrttisalaattia<\/em><\/p>\n<p><strong><em>\u00a0V\u00e4liin<\/em><\/strong><\/p>\n<p><em>Rapu capuccino<\/em><\/p>\n<p><strong>P\u00e4\u00e4lle<\/strong><\/p>\n<p><em>Mets\u00e4sieni arracini ja Nikinsalmen kurpitsaa<\/em><\/p>\n<p><strong>J\u00e4lkeen<\/strong><\/p>\n<p><em>Syysomena Tatin ja vanilja kreemi\u00e4<\/em><\/p>\n<p>&nbsp;<\/p>\n<p><strong>Hinta 85\u20ac\/henkil\u00f6<\/strong><\/p>\n<p><strong>Hinta sis\u00e4lt\u00e4\u00e4: <\/strong>nelj\u00e4n ruokalajin illallisen, alkoholittomat juomat sek\u00e4 ohjelman. Tiedustelut viineist\u00e4 osoitteeseen <a href=\"mailto:ateljeekoti@katjaantonoff.net\" target=\"_blank\" rel=\"noopener noreferrer nofollow\">ateljeekoti@katjaantonoff.net<\/a><\/p>\n<p>[\/et_pb_text][\/et_pb_column][\/et_pb_row][\/et_pb_section]<\/p>\n","protected":false},"excerpt":{"rendered":"<p>Illallinen ateljeessa yhdist\u00e4\u00e4 taidetta, ruokakulttuuria ja musiikkia tunnelmalliseksi kokonaisuudeksi. Yritt\u00e4j\u00e4, kuvataiteilija Katja Antonoffin toteuttama taidekierros yhdistyy Ilkka Arvolan luomaan etel\u00e4savolaiseen ruokael\u00e4mykseen. \u201dAjatus illallisesta ateljeessa syntyi reilu vuosi sitten akvarellimaalauskurssin perinteisen viimeisen illan juhlaillallisen j\u00e4lkeen. Halusin tarjota my\u00f6s muille kuin kurssilaisille mahdollisuuden kokea illallinen ateljeessa rennosti taiteesta nauttien ja keskustellen hyv\u00e4n ruoan \u00e4\u00e4ress\u00e4. Illalliselle voi osallistua [&hellip;]<\/p>\n","protected":false},"author":4,"featured_media":0,"comment_status":"closed","ping_status":"closed","sticky":false,"template":"","format":"standard","meta":{"_et_pb_use_builder":"on","_et_pb_old_content":"<p data-pm-slice=\"1 1 []\">Illallinen ateljeessa yhdist\u00e4\u00e4 taidetta, ruokakulttuuria ja musiikkia tunnelmalliseksi kokonaisuudeksi. Yritt\u00e4j\u00e4, kuvataiteilija <strong>Katja Antonoffin<\/strong> toteuttama taidekierros yhdistyy <strong>Ilkka Arvolan<\/strong> luomaan etel\u00e4savolaiseen ruokael\u00e4mykseen.<\/p>\r\n\u201dAjatus illallisesta ateljeessa syntyi reilu vuosi sitten akvarellimaalauskurssin perinteisen viimeisen illan juhlaillallisen j\u00e4lkeen. Halusin tarjota my\u00f6s muille kuin kurssilaisille mahdollisuuden kokea illallinen ateljeessa rennosti taiteesta nauttien ja keskustellen hyv\u00e4n ruoan \u00e4\u00e4ress\u00e4. Illalliselle voi osallistua kuka vaan. Illallinen ateljeessa yhdist\u00e4\u00e4 taiteen ja ruokakulttuurin el\u00e4myksellisell\u00e4 tavalla\u201d\r\n\r\nTaide- ja makuel\u00e4mysten lis\u00e4ksi luvassa on my\u00f6s musiikkia. \u00c4\u00e4nimaailma on olennainen osa kokemusta. Illallisen aikana laulaja-lauluntekij\u00e4 <strong>Katri O.<\/strong> loihtii \u00e4\u00e4nimaisemia. Lis\u00e4ksi saamme kuulla h\u00e4nen soittoaan illallisen lopuksi. Hyvink\u00e4\u00e4l\u00e4inen muusikko ja taiteilija Katri O. keikkailee aktiivisesti, mutta on ensimm\u00e4ist\u00e4 kertaa esiintym\u00e4ss\u00e4 Etel\u00e4-Savossa.\r\n\r\n<a href=\"https:\/\/www.youtube.com\/watch?v=U5TdV56Vago&t=83s\" target=\"_blank\" rel=\"noopener noreferrer nofollow\">https:\/\/www.youtube.com\/watch?v=U5TdV56Vago&t=83s<\/a>\r\n\r\n\u00a0\r\n\r\nIllan ohjelma on suuntaa antava ja voi el\u00e4\u00e4 tilanteen mukaan\r\n\r\n<strong>Huom! ilmoitathan eritysruokavaliosta ja allergioista viimeist\u00e4\u00e4n viikkoa ennen illallista.<\/strong>\r\n\r\n\u00a0\r\n\r\n<strong>18.00<\/strong> saapuminen ateljeekotiin ja alkumalja (kysy mahdollisuudesta yhteiskuljetukseen)\r\n\r\n<strong>18.15-18.45<\/strong> kierros ateljeessa, talon em\u00e4nt\u00e4 esittelee taloa ja taidetta\r\n\r\n<strong>18.45<\/strong> illallinen alkaa\r\n\r\n<strong>20.45- 21.30<\/strong> vapaata seurustelua, Katri O. esiintyy\r\n\r\n\u00a0\r\n\r\n<strong>Menu<\/strong>\r\n\r\n<strong>Alkuun<\/strong>\r\n\r\n<em>Kylm\u00e4savustettua Y\u00f6veden haukea ja vapaiden kanojen uppomuna, yrttisalaattia<\/em>\r\n\r\n<strong><em>\u00a0V\u00e4liin<\/em><\/strong>\r\n\r\n<em>Rapu capuccino<\/em>\r\n\r\n<strong>P\u00e4\u00e4lle<\/strong>\r\n\r\n<em>Mets\u00e4sieni arracini ja Nikinsalmen kurpitsaa<\/em>\r\n\r\n<strong>J\u00e4lkeen<\/strong>\r\n\r\n<em>Syysomena Tatin ja vanilja kreemi\u00e4<\/em>\r\n\r\n\u00a0\r\n\r\n<strong>Hinta 85\u20ac\/henkil\u00f6<\/strong>\r\n\r\n<strong>Hinta sis\u00e4lt\u00e4\u00e4: <\/strong>nelj\u00e4n ruokalajin illallisen, alkoholittomat juomat sek\u00e4 ohjelman. Tiedustelut viineist\u00e4 osoitteeseen <a href=\"mailto:ateljeekoti@katjaantonoff.net\" target=\"_blank\" rel=\"noopener noreferrer nofollow\">ateljeekoti@katjaantonoff.net<\/a>","_et_gb_content_width":"","footnotes":""},"categories":[11],"tags":[],"class_list":["post-55070","post","type-post","status-publish","format-standard","hentry","category-menneet-kurssit"],"aioseo_notices":[],"_links":{"self":[{"href":"https:\/\/yovedenateljeekoti.net\/en\/wp-json\/wp\/v2\/posts\/55070","targetHints":{"allow":["GET"]}}],"collection":[{"href":"https:\/\/yovedenateljeekoti.net\/en\/wp-json\/wp\/v2\/posts"}],"about":[{"href":"https:\/\/yovedenateljeekoti.net\/en\/wp-json\/wp\/v2\/types\/post"}],"author":[{"embeddable":true,"href":"https:\/\/yovedenateljeekoti.net\/en\/wp-json\/wp\/v2\/users\/4"}],"replies":[{"embeddable":true,"href":"https:\/\/yovedenateljeekoti.net\/en\/wp-json\/wp\/v2\/comments?post=55070"}],"version-history":[{"count":5,"href":"https:\/\/yovedenateljeekoti.net\/en\/wp-json\/wp\/v2\/posts\/55070\/revisions"}],"predecessor-version":[{"id":55082,"href":"https:\/\/yovedenateljeekoti.net\/en\/wp-json\/wp\/v2\/posts\/55070\/revisions\/55082"}],"wp:attachment":[{"href":"https:\/\/yovedenateljeekoti.net\/en\/wp-json\/wp\/v2\/media?parent=55070"}],"wp:term":[{"taxonomy":"category","embeddable":true,"href":"https:\/\/yovedenateljeekoti.net\/en\/wp-json\/wp\/v2\/categories?post=55070"},{"taxonomy":"post_tag","embeddable":true,"href":"https:\/\/yovedenateljeekoti.net\/en\/wp-json\/wp\/v2\/tags?post=55070"}],"curies":[{"name":"wp","href":"https:\/\/api.w.org\/{rel}","templated":true}]}}