{"id":55201,"date":"2023-11-29T11:38:39","date_gmt":"2023-11-29T09:38:39","guid":{"rendered":"https:\/\/yovedenateljeekoti.net\/?p=55201"},"modified":"2024-08-22T17:15:13","modified_gmt":"2024-08-22T14:15:13","slug":"voimavaroja-hyvaksyvasta-lasnaolosta-4-6-10-2024","status":"publish","type":"post","link":"https:\/\/yovedenateljeekoti.net\/en\/voimavaroja-hyvaksyvasta-lasnaolosta-4-6-10-2024\/","title":{"rendered":"Voimavaroja hyv\u00e4ksyv\u00e4st\u00e4 l\u00e4sn\u00e4olosta 4-6.10.2024"},"content":{"rendered":"<p><strong>Valoa, voimaa ja uudistumista hyv\u00e4ksyv\u00e4st\u00e4 l\u00e4sn\u00e4olosta &#8211; ratkaisukeskeinen taideterapiaretriitti<\/strong><\/p>\n<p>T\u00e4m\u00e4 yhden viikonlopun mittainen taideterapiaretriitti sopii sinulle, joka haluat antaa aikaa itsellesi, lis\u00e4t\u00e4 voimavarojasi ja itsetuntemustasi sek\u00e4 palauttaa uskon tulevaisuuteen ja kyvyn l\u00f6yt\u00e4\u00e4 uusia n\u00e4k\u00f6kulmia el\u00e4m\u00e4\u00e4si.<\/p>\n<p>Taideterapiaretriitill\u00e4 p\u00e4\u00e4set vet\u00e4ytym\u00e4\u00e4n arjen kiireisest\u00e4 el\u00e4m\u00e4nrytmist\u00e4 ja kuormittavista vaatimuksista. P\u00e4\u00e4set hiljentym\u00e4\u00e4n ja suuntaamaan katseesi omiin toiveisiisi, unelmiisi, tarpeisiisi ja sinulle merkitykselliseen tulevaisuuteen. Jos tunnet, ett\u00e4 nyt on aika luoda yhteys omaan itseesi ja astua omaan voimaasi, niin t\u00e4m\u00e4 retriitti on sinulle.<\/p>\n<p>Retriitill\u00e4 k\u00e4yt\u00e4mme ratkaisukeskeisen taideterapian menetelmi\u00e4, piirr\u00e4mme ja maalaamme, teemme lyhyit\u00e4 kirjallisia pyr\u00e4hdyksi\u00e4 ja lempeit\u00e4 kehollisia harjoitteita. Et tarvitse mink\u00e4\u00e4nlaista aikaisempaa kokemusta taiteen tekemisest\u00e4 riitt\u00e4\u00e4 ett\u00e4 sinulla on halua ja uteliaisuutta kokeilla luovia menetelmi\u00e4 lis\u00e4t\u00e4ksesi itsetuntemustasi ja rikastaa el\u00e4m\u00e4\u00e4si.\u00a0Retriitill\u00e4 p\u00e4\u00e4set tutkimaan omia ajatuksiasi ja tunteitasi turvallisesti ja saat tilaa syventy\u00e4 itsesi \u00e4\u00e4relle. T\u00e4ll\u00e4 retriitill\u00e4 matka omaan valoosi ja voimaasi on t\u00e4rkein! T\u00f6it\u00e4 ei jaeta eik\u00e4 niiden sis\u00e4lt\u00f6\u00e4 tarvitse jakaa. Jokainen ty\u00f6skentelee omassa rauhassa, mutta teht\u00e4vist\u00e4 voidaan keskustella yleisell\u00e4 tasolla. Retriitti sopii t\u00e4ysi-ik\u00e4isille.<strong>\u00a0<\/strong><\/p>\n<p>Y\u00f6veden Ateljeekodissa p\u00e4\u00e4set nauttimaan luovuuden tuomasta ilosta, lumosta ja virtauksesta. P\u00e4\u00e4set kokemaan luonnon hyv\u00e4\u00e4 tekev\u00e4n voiman, rauhan ja levon. Saat uusia yst\u00e4vi\u00e4, hemmottelua hyv\u00e4st\u00e4 ruuasta ja saunasta.<\/p>\n<p>Ratkaisukeskeinen taideterapia sopii jokaiselle, joka haluaa l\u00f6yt\u00e4\u00e4 omat henkiset voimavaransa ja vahvuutensa sek\u00e4 lujittaa itsetuntoaan tai p\u00e4\u00e4st\u00e4 eroon jostain el\u00e4m\u00e4\u00e4 vaivaamasta kipupisteest\u00e4. Se sopii silloin, kun on aika muuttaa el\u00e4m\u00e4si suuntaa, vaihtaa n\u00e4k\u00f6kulmaa tai tutkia itse\u00e4si ja\u00a0el\u00e4m\u00e4si polkua tarkemmin tai kun vain haluat antaa aikaa itsellesi.\u00a0Lis\u00e4tietoja ratkaisukeskeisest\u00e4 taideterapiasta ja ohjaajasta Tiina Nevanper\u00e4:\u00a0<a href=\"\/en\/Users\/katja\/AppData\/Local\/Packages\/oice_16_974fa576_32c1d314_33ba\/AC\/Temp\/msohtmlclip1\/01\/clip_filelist.xml\/\" target=\"_blank\" rel=\"noopener noreferrer nofollow\">https:\/\/www.ateljeemignon.com\/<\/a>\u00a0Tiinalta voi kysy\u00e4 my\u00f6s lis\u00e4\u00e4 s\u00e4hk\u00f6postitse\u00a0<a href=\"\/en\/Users\/katja\/AppData\/Local\/Packages\/oice_16_974fa576_32c1d314_33ba\/AC\/Temp\/msohtmlclip1\/01\/clip_filelist.xml\/\" target=\"_blank\" rel=\"noopener noreferrer nofollow\">ateljee.mignon@gmail.com<\/a>\u00a0tai puhelimitse 050 4648 282.<\/p>\n<p><strong>Kurssiaika: pe 4.10. alkaen klo 18 ja lopetus su 6.10. klo 15.00<\/strong><\/p>\n<p><strong>Course Fee: \u20ac380, which includes the program, lunch, dinner, and VAT.\nNote: Y\u00f6veden Ateljeekoti courses can also be paid with ePass! If you wish to pay by invoice, please contact Katja directly at ateljeekoti@katjaantonoff.net.\u00a0<\/strong>330 \u20ac sis\u00e4lt\u00e4\u00e4 kurssiohjelma, lounas, p\u00e4iv\u00e4llinen.<\/p>\n<p>Majoitus 1-2hh 60\/40\u20ac y\u00f6. Sis\u00e4lt\u00e4\u00e4 aamupala, iltapala ja sauna.<\/p>\n<p>Varaathan paikan kurssille viimeist\u00e4\u00e4n 14 vrk ennen kurssin alkamista verkkokaupasta. Mik\u00e4li kurssin alkamiseen on v\u00e4hemm\u00e4n kuin 14 vrk, olethan yhteydess\u00e4 s\u00e4hk\u00f6postitse tai puhelimitse tiedustellaksesi vapaita paikkoja.<\/p>\n<p>Huom. kurssin minimiosallistujam\u00e4\u00e4r\u00e4 on 5 henkil\u00f6\u00e4. Voit varata paikan kuitenkin yhdelle henkil\u00f6lle. Mik\u00e4li kurssi ei toteudu, palautetaan maksu t\u00e4ysim\u00e4\u00e4r\u00e4isen\u00e4.<\/p>\n<p>Ota kurssille mukaan omat maalaus- ja piirustusv\u00e4lineet, muistiinpanovihko tai kirjoituspaperia omaa henkil\u00f6kohtaista pohdintaa varten. Akvarelliv\u00e4rit, liidut, lyijykyn\u00e4, tussit ym. soveltuvat hyvin ty\u00f6skentelyyn. Kuvallisessa ty\u00f6skentelyss\u00e4 k\u00e4ytett\u00e4v\u00e4 paperi voi olla tavallista vesiv\u00e4ripaperia. Erilaisia piirustus- ja maalaustarvikkeita voit my\u00f6s ostaa Ateljeekodista.<\/p>\n<p>Lauantai iltap\u00e4iv\u00e4n veden ja v\u00e4rin leikki harjoituksen ohjaa kuvataiteilija Katja Antonoff ja siin\u00e4 tarvittavat materiaalit ja v\u00e4lineet kuuluvat kurssin hintaan.<\/p>\n<p><strong>Tiina Nevanpera\u0308<\/strong>\u00a0on ratkaisukeskeinen taideterapeutti ja hengitysohjaaja (Siria koulutus- ja kehitt\u00e4miskeskus, Suomen kirjallisuusterapia ry, Ratkaisukeskeiset taideterapeutit ry, Suomen kuvataidepsykoterapia ry), taiteilija ja luovien alojen ammattilainen. Tiina on Hidasta el\u00e4m\u00e4\u00e4- verkkojulkaisun bloggaaja.<\/p>\n<p>Tiina haluaa vahvistaa ihmisen uskoa omaan itseens\u00e4 ja auttaa jokaista l\u00f6yt\u00e4m\u00e4\u00e4n avaimia omann\u00e4k\u00f6iseen arvokkaaseen ja onnelliseen el\u00e4m\u00e4\u00e4n. Tiinan suurin toive on j\u00e4tt\u00e4\u00e4 voimaannuttava j\u00e4lki jokaisen kohtaamansa ihmisen el\u00e4m\u00e4\u00e4n.<\/p>\n<p>Retriitin ohjelma:<\/p>\n<p>(Ohjelma on suuntaa antava ja voi muuttua tilanteen mukaan)<\/p>\n<p><strong>Perjantai 4.10.2024<\/strong><\/p>\n<p>Klo 18 saapuminen ja huoneisiin asettuminen, tarjolla kahvia, teet\u00e4 ja kasvispitsaa<\/p>\n<p>klo 18.30-20.00 Aloitus, oloutuminen, tutustuminen, taideterapeuttinen ty\u00f6skentely ja l\u00e4sn\u00e4oloharjoitus, Tiina<\/p>\n<p>klo 20-21 Sauna ja iltapala<\/p>\n<p><strong>Lauantai 5.10.2024<\/strong><\/p>\n<p>Klo 8.30-9.30 Aamiainen<\/p>\n<p>Klo 10-12 Kehollinen, kirjallinen ja kuvallinen taideterapeuttinen ty\u00f6skentely, Tiina<\/p>\n<p>Klo 12-12.30 Omaa aikaa, k\u00e4vely\u00e4 ja lepohetki<\/p>\n<p>Klo 12.30 Lounas ja kahvi<\/p>\n<p>Klo 13.30-15.30 Tutustuminen akvarellin maailmaan, veden ja v\u00e4rin leikki, Katja<\/p>\n<p>Klo 15.30-16 Omaa aikaa, k\u00e4velyretki tai lepoa<\/p>\n<p>Klo 16-17.30 Kehollinen, kirjallinen ja kuvallinen taideterapeuttinen ty\u00f6skentely, Tiina<\/p>\n<p>Klo 17.30 P\u00e4iv\u00e4llinen<\/p>\n<p>klo 19 Sauna ja iltapala<\/p>\n<p><strong>Sunnuntai 6.10.2024<\/strong><\/p>\n<p>Klo 8.30-9.30 Aamiainen<\/p>\n<p>Klo 10-12:30 Kehollinen, kirjallinen ja kuvallinen taideterapeuttinen ty\u00f6skentely, Tiina<\/p>\n<p>Klo 12.30-13.00 Omaa aikaa, k\u00e4vely\u00e4 ja lepohetki<\/p>\n<p>Klo 13.00 Lounas ja kahvi<\/p>","protected":false},"excerpt":{"rendered":"<p>Valoa, voimaa ja uudistumista hyv\u00e4ksyv\u00e4st\u00e4 l\u00e4sn\u00e4olosta &#8211; ratkaisukeskeinen taideterapiaretriitti T\u00e4m\u00e4 yhden viikonlopun mittainen taideterapiaretriitti sopii sinulle, joka haluat antaa aikaa itsellesi, lis\u00e4t\u00e4 voimavarojasi ja itsetuntemustasi sek\u00e4 palauttaa uskon tulevaisuuteen ja kyvyn l\u00f6yt\u00e4\u00e4 uusia n\u00e4k\u00f6kulmia el\u00e4m\u00e4\u00e4si. Taideterapiaretriitill\u00e4 p\u00e4\u00e4set vet\u00e4ytym\u00e4\u00e4n arjen kiireisest\u00e4 el\u00e4m\u00e4nrytmist\u00e4 ja kuormittavista vaatimuksista. P\u00e4\u00e4set hiljentym\u00e4\u00e4n ja suuntaamaan katseesi omiin toiveisiisi, unelmiisi, tarpeisiisi ja sinulle [&hellip;]<\/p>\n","protected":false},"author":4,"featured_media":0,"comment_status":"closed","ping_status":"closed","sticky":false,"template":"","format":"standard","meta":{"_et_pb_use_builder":"","_et_pb_old_content":"","_et_gb_content_width":"","footnotes":""},"categories":[11],"tags":[],"class_list":["post-55201","post","type-post","status-publish","format-standard","hentry","category-menneet-kurssit"],"aioseo_notices":[],"_links":{"self":[{"href":"https:\/\/yovedenateljeekoti.net\/en\/wp-json\/wp\/v2\/posts\/55201","targetHints":{"allow":["GET"]}}],"collection":[{"href":"https:\/\/yovedenateljeekoti.net\/en\/wp-json\/wp\/v2\/posts"}],"about":[{"href":"https:\/\/yovedenateljeekoti.net\/en\/wp-json\/wp\/v2\/types\/post"}],"author":[{"embeddable":true,"href":"https:\/\/yovedenateljeekoti.net\/en\/wp-json\/wp\/v2\/users\/4"}],"replies":[{"embeddable":true,"href":"https:\/\/yovedenateljeekoti.net\/en\/wp-json\/wp\/v2\/comments?post=55201"}],"version-history":[{"count":1,"href":"https:\/\/yovedenateljeekoti.net\/en\/wp-json\/wp\/v2\/posts\/55201\/revisions"}],"predecessor-version":[{"id":55202,"href":"https:\/\/yovedenateljeekoti.net\/en\/wp-json\/wp\/v2\/posts\/55201\/revisions\/55202"}],"wp:attachment":[{"href":"https:\/\/yovedenateljeekoti.net\/en\/wp-json\/wp\/v2\/media?parent=55201"}],"wp:term":[{"taxonomy":"category","embeddable":true,"href":"https:\/\/yovedenateljeekoti.net\/en\/wp-json\/wp\/v2\/categories?post=55201"},{"taxonomy":"post_tag","embeddable":true,"href":"https:\/\/yovedenateljeekoti.net\/en\/wp-json\/wp\/v2\/tags?post=55201"}],"curies":[{"name":"wp","href":"https:\/\/api.w.org\/{rel}","templated":true}]}}