{"id":56296,"date":"2025-06-15T08:31:10","date_gmt":"2025-06-15T05:31:10","guid":{"rendered":"https:\/\/yovedenateljeekoti.net\/?p=56296"},"modified":"2025-08-19T17:14:36","modified_gmt":"2025-08-19T14:14:36","slug":"luovaksi-luotu-ritualistinen-luontoretriitti-12-14-9-2025","status":"publish","type":"post","link":"https:\/\/yovedenateljeekoti.net\/en\/luovaksi-luotu-ritualistinen-luontoretriitti-12-14-9-2025\/","title":{"rendered":"Luovaksi luotu, ritualistinen luontoretriitti 12-14.9.2025"},"content":{"rendered":"<p>Syksyn hiljainen kauneus, mets\u00e4n ja veden ikiaikainen viisaus, muinaiset merkit kallioilla \u2013 t\u00e4m\u00e4 retriitti on matka ajattoman yhteyden \u00e4\u00e4relle. Se kutsuu sinut syventym\u00e4\u00e4n luonnon pyhyyteen ja ritualistiseen kokemiseen. Retriitti luo puitteet sis\u00e4iselle matkalle, jossa esivanhempien ja luonnon viisaus her\u00e4\u00e4 eloon. <\/p>\n<p>Seremonia ja rituaalit kutsuvat meid\u00e4t yhteyden ja l\u00e4sn\u00e4olon kokemiseen kun viritt\u00e4ydymme luonnon ikiaikaiseen rytmiin. Saunaseremoniassa savu ja vesi puhdistavat meid\u00e4t matkalle, jonka aikana kuljemme vesist\u00f6ss\u00e4 ja mets\u00e4ss\u00e4 hiljaisuudessa. Kuuntelemme Saimaan veden viestej\u00e4 ja tunnemme sen syv\u00e4n, kannattelevan voiman.<\/p>\n<p>Syv\u00e4 yhteys luontoon ja sis\u00e4iseen hiljaisuuteen avaa mahdollisuuden meiss\u00e4 jokaisessa olevalle luontaisen luovuuden ilment\u00e4miselle. Annamme luonnolle antimia ja ravitsemme vastavuoroisuuteen pohjautuvaa el\u00e4m\u00e4ntapaa el\u00e4v\u00e4n yhteyden \u00e4\u00e4rell\u00e4. Opimme, miten rituaalin avulla on mahdollista kultivoida el\u00e4m\u00e4nvoiman ja luovuuden virtaavuutta.<\/p>\n<p>Retriitin aikana teemme my\u00f6s kanoottiretken Astuvansalmen kalliomaalauksille. T\u00e4ll\u00e4 ikivanhalla pyh\u00e4ll\u00e4 paikalla voimme tuntea yhteyden esivanhempiemme viisauteen ja ohjaukseen.<\/p>\n<p>T\u00e4m\u00e4 retriitti sopii sinulle, joka kaipaat syvemp\u00e4\u00e4 kokemuksellista yhteytt\u00e4 luontoon ja oman luontaisen luovuutesi ilment\u00e4miseen. Aiempaa kokemusta rituaaleista, meditaatiosta tai kanootilla melomisesta et tarvitse.<\/p>\n<p>Ohjaajat<\/p>\n<p>Magdalena M\u00f6ls\u00e4 (Vaskilintu) on vokalisti, moderni luontomystikko ja \u00e4\u00e4nen rakastaja, joka luo tilaa luovuudelle, yhteydelle ja syv\u00e4lle sis\u00e4iselle matkalle.<\/p>\n<p>Vaskilintu on tehnyt yhteisty\u00f6t\u00e4 mm. muun muassa Biohacker\u2019s Summitin (Holo Life Summit) ja &#8211; retriittien, Leigh Ewinin Cold Exposure Finland -retriittien, Ecstatic Dance Helsingin sek\u00e4 Opetus- ja kulttuuriministeri\u00f6n rahoittaman Vuodenkierto-projektin kanssa.<\/p>\n<p>Kansainv\u00e4lisesti Vaskilintu on toiminut seremoniamuusikkona vuosikymmenen ajan muun muassa Luz Eterna -retriiteill\u00e4 Meksikossa, Holistic Sommelier -retriiteill\u00e4, Holotropic Plant Medicine Healing Centre -keskuksessa Portugalissa ja on Viaje 13 Lunas -vaellusretriittien toinen perustaja Perussa. <\/p>\n<p>Pia Autero (Runoian) on luontomystikko ja kirjoittaja, jolle luovuus on el\u00e4m\u00e4n syvin olemus. Koulutukseltaan Pia on kirjallisuustieteilij\u00e4, tulevaisuudentutkija ja kest\u00e4v\u00e4n kehityksen asiantuntija. Lis\u00e4ksi h\u00e4n on opiskellut viisausperinteit\u00e4 ja saunaperinnett\u00e4. Pia on ohjannut useita luovuuteen ja henkiseen hyvinvointiin painottuvia retriittej\u00e4. H\u00e4n on vastik\u00e4\u00e4n l\u00e4pik\u00e4ynyt intialaisen opettajansa ohjauksessa vuoden mittaisen syv\u00e4n prosessin, jonka keski\u00f6ss\u00e4 on el\u00e4m\u00e4nvoiman ja luovuuden kultivoiminen. T\u00e4ll\u00e4 hetkell\u00e4 h\u00e4n ty\u00f6skentelee kirjoittajana Koneen S\u00e4\u00e4ti\u00f6n ty\u00f6skentelyapurahalla.<\/p>\n<p>ALUSTAVA AIKATAULU<\/p>\n<p>Perjantai 12.9.<\/p>\n<p>14-16 Saapuminen Y\u00f6veden ateljeekotiin<\/p>\n<p>16-18  Retriitin avaus <\/p>\n<p>18-21 Saunaseremonia<\/p>\n<p>Iltapala<\/p>\n<p>Lauantai 13.9.<\/p>\n<p>8-9 Aamupala<\/p>\n<p>9-11 Aamuharjoitus: teemeditaatio teemalla kaiku, muisti ja pyh\u00e4t paikat<\/p>\n<p>11-12 Lounas<\/p>\n<p>13-18 Kanoottiretki Astuvansalmen kalliomaalauksille: mets\u00e4k\u00e4vely ja meditaatio pyh\u00e4ll\u00e4 paikalla<\/p>\n<p>18-19 P\u00e4iv\u00e4llinen<\/p>\n<p>Sauna<\/p>\n<p>Iltapala<\/p>\n<p>Sunnuntai 14.9.<\/p>\n<p>8-9 Aamupala<\/p>\n<p>9-11 Aamuharjoitus: aktiivimeditaatio &#038; jakamispiiri<\/p>\n<p>11-12 Lounas<\/p>\n<p>12-13 Veden elementin kanssa ty\u00f6skentely: lauluja vedelle<\/p>\n<p>13-15 Loppupiiri<\/p>","protected":false},"excerpt":{"rendered":"<p>Syksyn hiljainen kauneus, mets\u00e4n ja veden ikiaikainen viisaus, muinaiset merkit kallioilla \u2013 t\u00e4m\u00e4 retriitti on matka ajattoman yhteyden \u00e4\u00e4relle. Se kutsuu sinut syventym\u00e4\u00e4n luonnon pyhyyteen ja ritualistiseen kokemiseen. Retriitti luo puitteet sis\u00e4iselle matkalle, jossa esivanhempien ja luonnon viisaus her\u00e4\u00e4 eloon. Seremonia ja rituaalit kutsuvat meid\u00e4t yhteyden ja l\u00e4sn\u00e4olon kokemiseen kun viritt\u00e4ydymme luonnon ikiaikaiseen rytmiin. Saunaseremoniassa [&hellip;]<\/p>\n","protected":false},"author":4,"featured_media":56315,"comment_status":"closed","ping_status":"closed","sticky":false,"template":"","format":"standard","meta":{"_et_pb_use_builder":"on","_et_pb_old_content":"Syksyn hiljainen kauneus, mets\u00e4n ja veden ikiaikainen viisaus, muinaiset merkit kallioilla \u2013 t\u00e4m\u00e4 retriitti on matka ajattoman yhteyden \u00e4\u00e4relle. Se kutsuu sinut syventym\u00e4\u00e4n luonnon pyhyyteen ja ritualistiseen kokemiseen. Retriitti luo puitteet sis\u00e4iselle matkalle, jossa esivanhempien ja luonnon viisaus her\u00e4\u00e4 eloon. \r\n\r\n\r\nSeremonia ja rituaalit kutsuvat meid\u00e4t yhteyden ja l\u00e4sn\u00e4olon kokemiseen kun viritt\u00e4ydymme luonnon ikiaikaiseen rytmiin. Saunaseremoniassa savu ja vesi puhdistavat meid\u00e4t matkalle, jonka aikana kuljemme vesist\u00f6ss\u00e4 ja mets\u00e4ss\u00e4 hiljaisuudessa. Kuuntelemme Saimaan veden viestej\u00e4 ja tunnemme sen syv\u00e4n, kannattelevan voiman.\r\n\r\nSyv\u00e4 yhteys luontoon ja sis\u00e4iseen hiljaisuuteen avaa mahdollisuuden meiss\u00e4 jokaisessa olevalle luontaisen luovuuden ilment\u00e4miselle. Annamme luonnolle antimia ja ravitsemme vastavuoroisuuteen pohjautuvaa el\u00e4m\u00e4ntapaa el\u00e4v\u00e4n yhteyden \u00e4\u00e4rell\u00e4. Opimme, miten rituaalin avulla on mahdollista kultivoida el\u00e4m\u00e4nvoiman ja luovuuden virtaavuutta.\r\n\r\n\r\nRetriitin aikana teemme my\u00f6s kanoottiretken Astuvansalmen kalliomaalauksille. T\u00e4ll\u00e4 ikivanhalla pyh\u00e4ll\u00e4 paikalla voimme tuntea yhteyden esivanhempiemme viisauteen ja ohjaukseen.\r\n\r\n\r\nT\u00e4m\u00e4 retriitti sopii sinulle, joka kaipaat syvemp\u00e4\u00e4 kokemuksellista yhteytt\u00e4 luontoon ja oman luontaisen luovuutesi ilment\u00e4miseen. Aiempaa kokemusta rituaaleista, meditaatiosta tai kanootilla melomisesta et tarvitse.\r\n\r\n\r\nOhjaajat\r\n\r\n\r\n\r\nMagdalena M\u00f6ls\u00e4 (Vaskilintu) on vokalisti, moderni luontomystikko ja \u00e4\u00e4nen rakastaja, joka luo tilaa luovuudelle, yhteydelle ja syv\u00e4lle sis\u00e4iselle matkalle.\r\n\r\nVaskilintu on tehnyt yhteisty\u00f6t\u00e4 mm. muun muassa Biohacker\u2019s Summitin (Holo Life Summit) ja - retriittien, Leigh Ewinin Cold Exposure Finland -retriittien, Ecstatic Dance Helsingin sek\u00e4 Opetus- ja kulttuuriministeri\u00f6n rahoittaman Vuodenkierto-projektin kanssa.\r\n\r\nKansainv\u00e4lisesti Vaskilintu on toiminut seremoniamuusikkona vuosikymmenen ajan muun muassa Luz Eterna -retriiteill\u00e4 Meksikossa, Holistic Sommelier -retriiteill\u00e4, Holotropic Plant Medicine Healing Centre -keskuksessa Portugalissa ja on Viaje 13 Lunas -vaellusretriittien toinen perustaja Perussa. \r\n\r\n\r\nPia Autero (Runoian) on luontomystikko ja kirjoittaja, jolle luovuus on el\u00e4m\u00e4n syvin olemus. Koulutukseltaan Pia on kirjallisuustieteilij\u00e4, tulevaisuudentutkija ja kest\u00e4v\u00e4n kehityksen asiantuntija. Lis\u00e4ksi h\u00e4n on opiskellut viisausperinteit\u00e4 ja saunaperinnett\u00e4. Pia on ohjannut useita luovuuteen ja henkiseen hyvinvointiin painottuvia retriittej\u00e4. H\u00e4n on vastik\u00e4\u00e4n l\u00e4pik\u00e4ynyt intialaisen opettajansa ohjauksessa vuoden mittaisen syv\u00e4n prosessin, jonka keski\u00f6ss\u00e4 on el\u00e4m\u00e4nvoiman ja luovuuden kultivoiminen. T\u00e4ll\u00e4 hetkell\u00e4 h\u00e4n ty\u00f6skentelee kirjoittajana Koneen S\u00e4\u00e4ti\u00f6n ty\u00f6skentelyapurahalla.\r\n\r\n\r\n\r\nALUSTAVA AIKATAULU\r\n\r\n\r\nPerjantai 12.9.\r\n\r\n\r\n14-16 Saapuminen Y\u00f6veden ateljeekotiin\r\n\r\n16-18  Retriitin avaus \r\n\r\n18-21 Saunaseremonia\r\n\r\nIltapala\r\n\r\n\r\n\r\nLauantai 13.9.\r\n\r\n\r\n8-9 Aamupala\r\n\r\n9-11 Aamuharjoitus: teemeditaatio teemalla kaiku, muisti ja pyh\u00e4t paikat\r\n\r\n11-12 Lounas\r\n\r\n13-18 Kanoottiretki Astuvansalmen kalliomaalauksille: mets\u00e4k\u00e4vely ja meditaatio pyh\u00e4ll\u00e4 paikalla\r\n\r\n18-19 P\u00e4iv\u00e4llinen\r\n\r\nSauna\r\n\r\nIltapala\r\n\r\n\r\nSunnuntai 14.9.\r\n\r\n\r\n8-9 Aamupala\r\n\r\n9-11 Aamuharjoitus: aktiivimeditaatio & jakamispiiri\r\n\r\n11-12 Lounas\r\n\r\n12-13 Veden elementin kanssa ty\u00f6skentely: lauluja vedelle\r\n\r\n13-15 Loppupiiri\r\n\r\n\r\n\r\n\r\n","_et_gb_content_width":"","footnotes":""},"categories":[11],"tags":[],"class_list":["post-56296","post","type-post","status-publish","format-standard","has-post-thumbnail","hentry","category-menneet-kurssit"],"aioseo_notices":[],"_links":{"self":[{"href":"https:\/\/yovedenateljeekoti.net\/en\/wp-json\/wp\/v2\/posts\/56296","targetHints":{"allow":["GET"]}}],"collection":[{"href":"https:\/\/yovedenateljeekoti.net\/en\/wp-json\/wp\/v2\/posts"}],"about":[{"href":"https:\/\/yovedenateljeekoti.net\/en\/wp-json\/wp\/v2\/types\/post"}],"author":[{"embeddable":true,"href":"https:\/\/yovedenateljeekoti.net\/en\/wp-json\/wp\/v2\/users\/4"}],"replies":[{"embeddable":true,"href":"https:\/\/yovedenateljeekoti.net\/en\/wp-json\/wp\/v2\/comments?post=56296"}],"version-history":[{"count":3,"href":"https:\/\/yovedenateljeekoti.net\/en\/wp-json\/wp\/v2\/posts\/56296\/revisions"}],"predecessor-version":[{"id":56319,"href":"https:\/\/yovedenateljeekoti.net\/en\/wp-json\/wp\/v2\/posts\/56296\/revisions\/56319"}],"wp:featuredmedia":[{"embeddable":true,"href":"https:\/\/yovedenateljeekoti.net\/en\/wp-json\/wp\/v2\/media\/56315"}],"wp:attachment":[{"href":"https:\/\/yovedenateljeekoti.net\/en\/wp-json\/wp\/v2\/media?parent=56296"}],"wp:term":[{"taxonomy":"category","embeddable":true,"href":"https:\/\/yovedenateljeekoti.net\/en\/wp-json\/wp\/v2\/categories?post=56296"},{"taxonomy":"post_tag","embeddable":true,"href":"https:\/\/yovedenateljeekoti.net\/en\/wp-json\/wp\/v2\/tags?post=56296"}],"curies":[{"name":"wp","href":"https:\/\/api.w.org\/{rel}","templated":true}]}}